{"id":15314,"date":"2025-10-17T07:53:50","date_gmt":"2025-10-17T07:53:50","guid":{"rendered":"https:\/\/www.sprich.ch\/non-categorise\/foyer-pour-enfants-et-jeunes-de-laufen\/15314\/"},"modified":"2026-02-16T10:32:48","modified_gmt":"2026-02-16T10:32:48","slug":"foyer-pour-enfants-et-jeunes-de-laufen","status":"publish","type":"post","link":"https:\/\/www.sprich.ch\/fr\/caillebotis\/caillebotis-a-lamelles\/foyer-pour-enfants-et-jeunes-de-laufen","title":{"rendered":"Foyer pour enfants et jeunes de Laufen"},"content":{"rendered":"\t\t<div data-elementor-type=\"wp-post\" data-elementor-id=\"15314\" class=\"elementor elementor-15314 elementor-3601\" data-elementor-post-type=\"post\">\n\t\t\t\t<div class=\"elementor-element elementor-element-d372740 e-con-full e-flex wpr-particle-no wpr-jarallax-no wpr-parallax-no wpr-sticky-section-no wpr-equal-height-no e-con e-parent\" data-id=\"d372740\" data-element_type=\"container\" data-e-type=\"container\" data-settings=\"{&quot;background_background&quot;:&quot;classic&quot;}\">\n\t\t\t\t<\/div>\n\t\t<div class=\"elementor-element elementor-element-b967bb4 e-con-full e-flex wpr-particle-no wpr-jarallax-no wpr-parallax-no wpr-sticky-section-no wpr-equal-height-no e-con e-parent\" data-id=\"b967bb4\" data-element_type=\"container\" data-e-type=\"container\">\n\t\t\t\t<div class=\"elementor-element elementor-element-3505f98 elementor-widget elementor-widget-spacer\" data-id=\"3505f98\" data-element_type=\"widget\" data-e-type=\"widget\" data-widget_type=\"spacer.default\">\n\t\t\t\t\t\t\t<div class=\"elementor-spacer\">\n\t\t\t<div class=\"elementor-spacer-inner\"><\/div>\n\t\t<\/div>\n\t\t\t\t\t\t<\/div>\n\t\t\t\t<div class=\"elementor-element elementor-element-68f929c elementor-widget elementor-widget-heading\" data-id=\"68f929c\" data-element_type=\"widget\" data-e-type=\"widget\" data-widget_type=\"heading.default\">\n\t\t\t\t\t<h2 class=\"elementor-heading-title elementor-size-default\">DES CAILLEBOTIS \u00c0 LAMELLES LAISSANT PASSER L\u2019AIR FRAIS<\/h2>\t\t\t\t<\/div>\n\t\t\t\t<div class=\"elementor-element elementor-element-f953db4 elementor-widget-divider--view-line elementor-widget elementor-widget-divider\" data-id=\"f953db4\" data-element_type=\"widget\" data-e-type=\"widget\" data-widget_type=\"divider.default\">\n\t\t\t\t\t\t\t<div class=\"elementor-divider\">\n\t\t\t<span class=\"elementor-divider-separator\">\n\t\t\t\t\t\t<\/span>\n\t\t<\/div>\n\t\t\t\t\t\t<\/div>\n\t\t\t\t<\/div>\n\t\t<div class=\"elementor-element elementor-element-69e0070 e-con-full e-flex wpr-particle-no wpr-jarallax-no wpr-parallax-no wpr-sticky-section-no wpr-equal-height-no e-con e-parent\" data-id=\"69e0070\" data-element_type=\"container\" data-e-type=\"container\">\n\t\t<div class=\"elementor-element elementor-element-5d45544 e-con-full e-flex wpr-particle-no wpr-jarallax-no wpr-parallax-no wpr-sticky-section-no wpr-equal-height-no e-con e-child\" data-id=\"5d45544\" data-element_type=\"container\" data-e-type=\"container\">\n\t\t\t\t<div class=\"elementor-element elementor-element-eca3e7b elementor-arrows-position-inside elementor-pagination-position-outside elementor-widget elementor-widget-image-carousel\" data-id=\"eca3e7b\" data-element_type=\"widget\" data-e-type=\"widget\" data-settings=\"{&quot;slides_to_show&quot;:&quot;1&quot;,&quot;navigation&quot;:&quot;both&quot;,&quot;autoplay&quot;:&quot;yes&quot;,&quot;pause_on_hover&quot;:&quot;yes&quot;,&quot;pause_on_interaction&quot;:&quot;yes&quot;,&quot;autoplay_speed&quot;:5000,&quot;infinite&quot;:&quot;yes&quot;,&quot;effect&quot;:&quot;slide&quot;,&quot;speed&quot;:500}\" data-widget_type=\"image-carousel.default\">\n\t\t\t\t\t\t\t<div class=\"elementor-image-carousel-wrapper swiper\" role=\"region\" aria-roledescription=\"carousel\" aria-label=\"Bild Karussell\" dir=\"ltr\">\n\t\t\t<div class=\"elementor-image-carousel swiper-wrapper\" aria-live=\"off\">\n\t\t\t\t\t\t\t\t<div class=\"swiper-slide\" role=\"group\" aria-roledescription=\"slide\" aria-label=\"1 sur 11\"><figure class=\"swiper-slide-inner\"><img decoding=\"async\" class=\"swiper-slide-image\" src=\"https:\/\/www.sprich.ch\/wp-content\/uploads\/2025\/10\/sprich_laufen_2025_gallery_nr11.jpg\" alt=\"sprich_laufen_2025_gallery_nr11\" \/><\/figure><\/div><div class=\"swiper-slide\" role=\"group\" aria-roledescription=\"slide\" aria-label=\"2 sur 11\"><figure class=\"swiper-slide-inner\"><img decoding=\"async\" class=\"swiper-slide-image\" src=\"https:\/\/www.sprich.ch\/wp-content\/uploads\/2025\/10\/sprich_laufen_2025_gallery_nr10.jpg\" alt=\"sprich_laufen_2025_gallery_nr10\" \/><\/figure><\/div><div class=\"swiper-slide\" role=\"group\" aria-roledescription=\"slide\" aria-label=\"3 sur 11\"><figure class=\"swiper-slide-inner\"><img decoding=\"async\" class=\"swiper-slide-image\" src=\"https:\/\/www.sprich.ch\/wp-content\/uploads\/2025\/10\/sprich_laufen_2025_gallery_nr09.jpg\" alt=\"sprich_laufen_2025_gallery_nr09\" \/><\/figure><\/div><div class=\"swiper-slide\" role=\"group\" aria-roledescription=\"slide\" aria-label=\"4 sur 11\"><figure class=\"swiper-slide-inner\"><img decoding=\"async\" class=\"swiper-slide-image\" src=\"https:\/\/www.sprich.ch\/wp-content\/uploads\/2025\/10\/sprich_laufen_2025_gallery_nr08.jpg\" alt=\"sprich_laufen_2025_gallery_nr08\" \/><\/figure><\/div><div class=\"swiper-slide\" role=\"group\" aria-roledescription=\"slide\" aria-label=\"5 sur 11\"><figure class=\"swiper-slide-inner\"><img decoding=\"async\" class=\"swiper-slide-image\" src=\"https:\/\/www.sprich.ch\/wp-content\/uploads\/2025\/10\/sprich_laufen_2025_gallery_nr07.jpg\" alt=\"sprich_laufen_2025_gallery_nr07\" \/><\/figure><\/div><div class=\"swiper-slide\" role=\"group\" aria-roledescription=\"slide\" aria-label=\"6 sur 11\"><figure class=\"swiper-slide-inner\"><img decoding=\"async\" class=\"swiper-slide-image\" src=\"https:\/\/www.sprich.ch\/wp-content\/uploads\/2025\/10\/sprich_laufen_2025_gallery_nr06.jpg\" alt=\"sprich_laufen_2025_gallery_nr06\" \/><\/figure><\/div><div class=\"swiper-slide\" role=\"group\" aria-roledescription=\"slide\" aria-label=\"7 sur 11\"><figure class=\"swiper-slide-inner\"><img decoding=\"async\" class=\"swiper-slide-image\" src=\"https:\/\/www.sprich.ch\/wp-content\/uploads\/2025\/10\/sprich_laufen_2025_gallery_nr05.jpg\" alt=\"sprich_laufen_2025_gallery_nr05\" \/><\/figure><\/div><div class=\"swiper-slide\" role=\"group\" aria-roledescription=\"slide\" aria-label=\"8 sur 11\"><figure class=\"swiper-slide-inner\"><img decoding=\"async\" class=\"swiper-slide-image\" src=\"https:\/\/www.sprich.ch\/wp-content\/uploads\/2025\/10\/sprich_laufen_2025_gallery_nr04.jpg\" alt=\"sprich_laufen_2025_gallery_nr04\" \/><\/figure><\/div><div class=\"swiper-slide\" role=\"group\" aria-roledescription=\"slide\" aria-label=\"9 sur 11\"><figure class=\"swiper-slide-inner\"><img decoding=\"async\" class=\"swiper-slide-image\" src=\"https:\/\/www.sprich.ch\/wp-content\/uploads\/2025\/10\/sprich_laufen_2025_gallery_nr03.jpg\" alt=\"sprich_laufen_2025_gallery_nr03\" \/><\/figure><\/div><div class=\"swiper-slide\" role=\"group\" aria-roledescription=\"slide\" aria-label=\"10 sur 11\"><figure class=\"swiper-slide-inner\"><img decoding=\"async\" class=\"swiper-slide-image\" src=\"https:\/\/www.sprich.ch\/wp-content\/uploads\/2025\/10\/sprich_laufen_2025_gallery_nr02.jpg\" alt=\"sprich_laufen_2025_gallery_nr02\" \/><\/figure><\/div><div class=\"swiper-slide\" role=\"group\" aria-roledescription=\"slide\" aria-label=\"11 sur 11\"><figure class=\"swiper-slide-inner\"><img decoding=\"async\" class=\"swiper-slide-image\" src=\"https:\/\/www.sprich.ch\/wp-content\/uploads\/2025\/10\/sprich_laufen_2025_gallery_nr01.jpg\" alt=\"sprich_laufen_2025_gallery_nr01\" \/><\/figure><\/div>\t\t\t<\/div>\n\t\t\t\t\t\t\t\t\t\t\t\t<div class=\"elementor-swiper-button elementor-swiper-button-prev\" role=\"button\" tabindex=\"0\">\n\t\t\t\t\t\t<svg aria-hidden=\"true\" class=\"e-font-icon-svg e-eicon-chevron-left\" viewBox=\"0 0 1000 1000\" xmlns=\"http:\/\/www.w3.org\/2000\/svg\"><path d=\"M646 125C629 125 613 133 604 142L308 442C296 454 292 471 292 487 292 504 296 521 308 533L604 854C617 867 629 875 646 875 663 875 679 871 692 858 704 846 713 829 713 812 713 796 708 779 692 767L438 487 692 225C700 217 708 204 708 187 708 171 704 154 692 142 675 129 663 125 646 125Z\"><\/path><\/svg>\t\t\t\t\t<\/div>\n\t\t\t\t\t<div class=\"elementor-swiper-button elementor-swiper-button-next\" role=\"button\" tabindex=\"0\">\n\t\t\t\t\t\t<svg aria-hidden=\"true\" class=\"e-font-icon-svg e-eicon-chevron-right\" viewBox=\"0 0 1000 1000\" xmlns=\"http:\/\/www.w3.org\/2000\/svg\"><path d=\"M696 533C708 521 713 504 713 487 713 471 708 454 696 446L400 146C388 133 375 125 354 125 338 125 325 129 313 142 300 154 292 171 292 187 292 204 296 221 308 233L563 492 304 771C292 783 288 800 288 817 288 833 296 850 308 863 321 871 338 875 354 875 371 875 388 867 400 854L696 533Z\"><\/path><\/svg>\t\t\t\t\t<\/div>\n\t\t\t\t\n\t\t\t\t\t\t\t\t\t<div class=\"swiper-pagination\"><\/div>\n\t\t\t\t\t\t\t\t\t<\/div>\n\t\t\t\t\t\t<\/div>\n\t\t\t\t<\/div>\n\t\t<div class=\"elementor-element elementor-element-7f53499 e-con-full e-flex wpr-particle-no wpr-jarallax-no wpr-parallax-no wpr-sticky-section-no wpr-equal-height-no e-con e-child\" data-id=\"7f53499\" data-element_type=\"container\" data-e-type=\"container\">\n\t\t\t\t<div class=\"elementor-element elementor-element-bd17b05 elementor-widget elementor-widget-heading\" data-id=\"bd17b05\" data-element_type=\"widget\" data-e-type=\"widget\" data-widget_type=\"heading.default\">\n\t\t\t\t\t<h2 class=\"elementor-heading-title elementor-size-default\">DONN\u00c9ES TECHNIQUES<\/h2>\t\t\t\t<\/div>\n\t\t\t\t<div class=\"elementor-element elementor-element-8bdba89 elementor-widget elementor-widget-text-editor\" data-id=\"8bdba89\" data-element_type=\"widget\" data-e-type=\"widget\" data-widget_type=\"text-editor.default\">\n\t\t\t\t\t\t\t\t\t<p>Mat\u00e9riaux: Caillebotis \u00e0 lamelles angle de 45\u00b0<br \/>Barre porteuse: 30\/2\u00a0mm<br \/>Maille: 55,55\u00a0x\u00a055,55\u00a0mm<br \/>Rev\u00eatement: anodis\u00e9<\/p>\n\t\t\t\t\t\t\t\t<\/div>\n\t\t\t\t<div class=\"elementor-element elementor-element-decef3d elementor-widget elementor-widget-google_maps\" data-id=\"decef3d\" data-element_type=\"widget\" data-e-type=\"widget\" data-widget_type=\"google_maps.default\">\n\t\t\t\t\t\t\t<div class=\"elementor-custom-embed\">\n\t\t\t<iframe loading=\"lazy\"\n\t\t\t\t\tsrc=\"https:\/\/maps.google.com\/maps?q=LAUFEN&#038;t=m&#038;z=15&#038;output=embed&#038;iwloc=near\"\n\t\t\t\t\ttitle=\"LAUFEN\"\n\t\t\t\t\taria-label=\"LAUFEN\"\n\t\t\t><\/iframe>\n\t\t<\/div>\n\t\t\t\t\t\t<\/div>\n\t\t\t\t<\/div>\n\t\t\t\t<\/div>\n\t\t<div class=\"elementor-element elementor-element-219d25a e-con-full e-flex wpr-particle-no wpr-jarallax-no wpr-parallax-no wpr-sticky-section-no wpr-equal-height-no e-con e-parent\" data-id=\"219d25a\" data-element_type=\"container\" data-e-type=\"container\">\n\t\t<div class=\"elementor-element elementor-element-601e26c e-con-full e-flex wpr-particle-no wpr-jarallax-no wpr-parallax-no wpr-sticky-section-no wpr-equal-height-no e-con e-child\" data-id=\"601e26c\" data-element_type=\"container\" data-e-type=\"container\">\n\t\t\t\t<div class=\"elementor-element elementor-element-88231f9 elementor-widget elementor-widget-text-editor\" data-id=\"88231f9\" data-element_type=\"widget\" data-e-type=\"widget\" data-widget_type=\"text-editor.default\">\n\t\t\t\t\t\t\t\t\t<p><strong>Un b\u00e2timent nouvellement construit sur le m\u00eame site a permis au Foyer de s\u2019agrandir. Les escaliers et les ch\u00e2ssis du nouveau b\u00e2timent sont habill\u00e9s de caillebotis \u00e0 lamelles SPRICH. Ce projet s\u2019est d\u00e9roul\u00e9 en trois \u00e9tapes, de novembre 2017 \u00e0 juin 2018.<\/strong><\/p>\n<p>Ce sont les architectes en charge du chantier qui ont choisi d\u2019utiliser un caillebotis \u00e0 lamelles. Le caillebotis \u00e0 lamelles a un angle de 45\u00b0 et une maille de 55,55\u00a0x\u00a055,55\u00a0mm. SPRICH l\u2019a livr\u00e9 brut au client pour que la sous-construction et les caillebotis puissent \u00eatre rev\u00eatus de la m\u00eame teinte.<\/p>\n<p>Les caillebotis pr\u00e9sentent diff\u00e9rentes tailles et finitions. Afin de faciliter la fixation, SPRICH a pr\u00e9par\u00e9 les divers per\u00e7ages.<\/p>\n\t\t\t\t\t\t\t\t<\/div>\n\t\t\t\t<\/div>\n\t\t<div class=\"elementor-element elementor-element-61320d1 e-con-full e-flex wpr-particle-no wpr-jarallax-no wpr-parallax-no wpr-sticky-section-no wpr-equal-height-no e-con e-child\" data-id=\"61320d1\" data-element_type=\"container\" data-e-type=\"container\">\n\t\t\t\t<div class=\"elementor-element elementor-element-2c8b1f8 elementor-widget elementor-widget-image\" data-id=\"2c8b1f8\" data-element_type=\"widget\" data-e-type=\"widget\" data-widget_type=\"image.default\">\n\t\t\t\t\t\t\t\t\t\t\t\t\t\t\t<img fetchpriority=\"high\" decoding=\"async\" width=\"480\" height=\"480\" src=\"https:\/\/www.sprich.ch\/wp-content\/uploads\/2025\/09\/sprich_luigi-cirillo_geschaeftsfuehrer.jpg\" class=\"attachment-large size-large wp-image-452\" alt=\"sprich_luigi-cirillo_Directeur-G\u00e9n\u00e9ral\" srcset=\"https:\/\/www.sprich.ch\/wp-content\/uploads\/2025\/09\/sprich_luigi-cirillo_geschaeftsfuehrer.jpg 480w, https:\/\/www.sprich.ch\/wp-content\/uploads\/2025\/09\/sprich_luigi-cirillo_geschaeftsfuehrer-300x300.jpg 300w, https:\/\/www.sprich.ch\/wp-content\/uploads\/2025\/09\/sprich_luigi-cirillo_geschaeftsfuehrer-150x150.jpg 150w\" sizes=\"(max-width: 480px) 100vw, 480px\" \/>\t\t\t\t\t\t\t\t\t\t\t\t\t\t\t<\/div>\n\t\t\t\t<div class=\"elementor-element elementor-element-b6f13df elementor-widget elementor-widget-heading\" data-id=\"b6f13df\" data-element_type=\"widget\" data-e-type=\"widget\" data-widget_type=\"heading.default\">\n\t\t\t\t\t<h3 class=\"elementor-heading-title elementor-size-default\">LUIGI CIRILLO<\/h3>\t\t\t\t<\/div>\n\t\t\t\t<div class=\"elementor-element elementor-element-472c63b elementor-widget elementor-widget-text-editor\" data-id=\"472c63b\" data-element_type=\"widget\" data-e-type=\"widget\" data-widget_type=\"text-editor.default\">\n\t\t\t\t\t\t\t\t\t<p>Directeur G\u00e9n\u00e9ral<br \/><a class=\"email\" title=\"Luigi Cirillo\">luigi.cirillo@sprich.ch<\/a><br \/><a href=\"tel:+41 41 768 10 91\">+41 41 768 10 91<\/a><\/p>\n\t\t\t\t\t\t\t\t<\/div>\n\t\t\t\t<div class=\"elementor-element elementor-element-488c437 elementor-widget elementor-widget-spacer\" data-id=\"488c437\" data-element_type=\"widget\" data-e-type=\"widget\" data-widget_type=\"spacer.default\">\n\t\t\t\t\t\t\t<div class=\"elementor-spacer\">\n\t\t\t<div class=\"elementor-spacer-inner\"><\/div>\n\t\t<\/div>\n\t\t\t\t\t\t<\/div>\n\t\t\t\t<\/div>\n\t\t\t\t<\/div>\n\t\t\t\t<\/div>\n\t\t","protected":false},"excerpt":{"rendered":"<p>DES CAILLEBOTIS \u00c0 LAMELLES LAISSANT PASSER L\u2019AIR FRAIS DONN\u00c9ES TECHNIQUES Mat\u00e9riaux: Caillebotis \u00e0 lamelles angle de 45\u00b0Barre porteuse: 30\/2\u00a0mmMaille: 55,55\u00a0x\u00a055,55\u00a0mmRev\u00eatement: anodis\u00e9 Un b\u00e2timent nouvellement construit sur le m\u00eame site a permis au Foyer de s\u2019agrandir. Les escaliers et les ch\u00e2ssis du nouveau b\u00e2timent sont habill\u00e9s de caillebotis \u00e0 lamelles SPRICH. Ce projet s\u2019est d\u00e9roul\u00e9 en trois \u00e9tapes, de novembre 2017 \u00e0 juin 2018. Ce sont les architectes en charge du chantier qui ont choisi d\u2019utiliser un caillebotis \u00e0 lamelles. Le caillebotis \u00e0 lamelles a un angle de 45\u00b0 et une maille de 55,55\u00a0x\u00a055,55\u00a0mm. SPRICH l\u2019a livr\u00e9 brut au client pour que la sous-construction et les caillebotis puissent \u00eatre rev\u00eatus de la m\u00eame teinte. Les caillebotis pr\u00e9sentent diff\u00e9rentes tailles et finitions. Afin de faciliter la fixation, SPRICH a pr\u00e9par\u00e9 les divers per\u00e7ages. LUIGI CIRILLO Directeur G\u00e9n\u00e9ralluigi.cirillo@sprich.ch+41 41 768 10 91<\/p>\n","protected":false},"author":1,"featured_media":15302,"comment_status":"closed","ping_status":"closed","sticky":false,"template":"elementor_header_footer","format":"standard","meta":{"footnotes":""},"categories":[140],"tags":[],"class_list":["post-15314","post","type-post","status-publish","format-standard","has-post-thumbnail","hentry","category-caillebotis-a-lamelles","entry","has-media"],"yoast_head":"<!-- This site is optimized with the Yoast SEO Premium plugin v27.4 (Yoast SEO v27.4) - https:\/\/yoast.com\/product\/yoast-seo-premium-wordpress\/ -->\n<title>Foyer pour enfants et jeunes de Laufen - SPRICH<\/title>\n<meta name=\"robots\" content=\"index, follow, max-snippet:-1, max-image-preview:large, max-video-preview:-1\" \/>\n<link rel=\"canonical\" href=\"https:\/\/www.sprich.ch\/fr\/caillebotis\/caillebotis-a-lamelles\/foyer-pour-enfants-et-jeunes-de-laufen\" \/>\n<meta property=\"og:locale\" content=\"fr_FR\" \/>\n<meta property=\"og:type\" content=\"article\" \/>\n<meta property=\"og:title\" content=\"Foyer pour enfants et jeunes de Laufen\" \/>\n<meta property=\"og:description\" content=\"DES CAILLEBOTIS \u00c0 LAMELLES LAISSANT PASSER L\u2019AIR FRAIS DONN\u00c9ES TECHNIQUES Mat\u00e9riaux: Caillebotis \u00e0 lamelles angle de 45\u00b0Barre porteuse: 30\/2\u00a0mmMaille: 55,55\u00a0x\u00a055,55\u00a0mmRev\u00eatement: anodis\u00e9 Un b\u00e2timent nouvellement construit sur le m\u00eame site a permis au Foyer de s\u2019agrandir. Les escaliers et les ch\u00e2ssis du nouveau b\u00e2timent sont habill\u00e9s de caillebotis \u00e0 lamelles SPRICH. Ce projet s\u2019est d\u00e9roul\u00e9 en trois \u00e9tapes, de novembre 2017 \u00e0 juin 2018. Ce sont les architectes en charge du chantier qui ont choisi d\u2019utiliser un caillebotis \u00e0 lamelles. Le caillebotis \u00e0 lamelles a un angle de 45\u00b0 et une maille de 55,55\u00a0x\u00a055,55\u00a0mm. SPRICH l\u2019a livr\u00e9 brut au client pour que la sous-construction et les caillebotis puissent \u00eatre rev\u00eatus de la m\u00eame teinte. Les caillebotis pr\u00e9sentent diff\u00e9rentes tailles et finitions. Afin de faciliter la fixation, SPRICH a pr\u00e9par\u00e9 les divers per\u00e7ages. LUIGI CIRILLO Directeur G\u00e9n\u00e9ralluigi.cirillo@sprich.ch+41 41 768 10 91\" \/>\n<meta property=\"og:url\" content=\"https:\/\/www.sprich.ch\/fr\/caillebotis\/caillebotis-a-lamelles\/foyer-pour-enfants-et-jeunes-de-laufen\" \/>\n<meta property=\"og:site_name\" content=\"SPRICH\" \/>\n<meta property=\"article:published_time\" content=\"2025-10-17T07:53:50+00:00\" \/>\n<meta property=\"article:modified_time\" content=\"2026-02-16T10:32:48+00:00\" \/>\n<meta property=\"og:image\" content=\"https:\/\/www.sprich.ch\/wp-content\/uploads\/2025\/10\/sprich_laufen_header_nr01_2025.jpg\" \/>\n\t<meta property=\"og:image:width\" content=\"1920\" \/>\n\t<meta property=\"og:image:height\" content=\"1080\" \/>\n\t<meta property=\"og:image:type\" content=\"image\/jpeg\" \/>\n<meta name=\"author\" content=\"Webmaster@dynamite.ch\" \/>\n<meta name=\"twitter:card\" content=\"summary_large_image\" \/>\n<meta name=\"twitter:label1\" content=\"\u00c9crit par\" \/>\n\t<meta name=\"twitter:data1\" content=\"\" \/>\n\t<meta name=\"twitter:label2\" content=\"Dur\u00e9e de lecture estim\u00e9e\" \/>\n\t<meta name=\"twitter:data2\" content=\"1 minute\" \/>\n<script type=\"application\/ld+json\" class=\"yoast-schema-graph\">{\"@context\":\"https:\\\/\\\/schema.org\",\"@graph\":[{\"@type\":\"Article\",\"@id\":\"https:\\\/\\\/www.sprich.ch\\\/fr\\\/caillebotis\\\/caillebotis-a-lamelles\\\/foyer-pour-enfants-et-jeunes-de-laufen#article\",\"isPartOf\":{\"@id\":\"https:\\\/\\\/www.sprich.ch\\\/fr\\\/caillebotis\\\/caillebotis-a-lamelles\\\/foyer-pour-enfants-et-jeunes-de-laufen\"},\"author\":{\"name\":\"Webmaster@dynamite.ch\",\"@id\":\"https:\\\/\\\/www.sprich.ch\\\/fr#\\\/schema\\\/person\\\/0687a767392959ac6f5e556f9d987d24\"},\"headline\":\"Foyer pour enfants et jeunes de Laufen\",\"datePublished\":\"2025-10-17T07:53:50+00:00\",\"dateModified\":\"2026-02-16T10:32:48+00:00\",\"mainEntityOfPage\":{\"@id\":\"https:\\\/\\\/www.sprich.ch\\\/fr\\\/caillebotis\\\/caillebotis-a-lamelles\\\/foyer-pour-enfants-et-jeunes-de-laufen\"},\"wordCount\":161,\"publisher\":{\"@id\":\"https:\\\/\\\/www.sprich.ch\\\/fr#organization\"},\"image\":{\"@id\":\"https:\\\/\\\/www.sprich.ch\\\/fr\\\/caillebotis\\\/caillebotis-a-lamelles\\\/foyer-pour-enfants-et-jeunes-de-laufen#primaryimage\"},\"thumbnailUrl\":\"https:\\\/\\\/www.sprich.ch\\\/wp-content\\\/uploads\\\/2025\\\/10\\\/sprich_laufen_header_nr01_2025.jpg\",\"articleSection\":[\"Caillebotis \u00e0 lamelles\"],\"inLanguage\":\"fr-FR\"},{\"@type\":\"WebPage\",\"@id\":\"https:\\\/\\\/www.sprich.ch\\\/fr\\\/caillebotis\\\/caillebotis-a-lamelles\\\/foyer-pour-enfants-et-jeunes-de-laufen\",\"url\":\"https:\\\/\\\/www.sprich.ch\\\/fr\\\/caillebotis\\\/caillebotis-a-lamelles\\\/foyer-pour-enfants-et-jeunes-de-laufen\",\"name\":\"Foyer pour enfants et jeunes de Laufen - SPRICH\",\"isPartOf\":{\"@id\":\"https:\\\/\\\/www.sprich.ch\\\/fr#website\"},\"primaryImageOfPage\":{\"@id\":\"https:\\\/\\\/www.sprich.ch\\\/fr\\\/caillebotis\\\/caillebotis-a-lamelles\\\/foyer-pour-enfants-et-jeunes-de-laufen#primaryimage\"},\"image\":{\"@id\":\"https:\\\/\\\/www.sprich.ch\\\/fr\\\/caillebotis\\\/caillebotis-a-lamelles\\\/foyer-pour-enfants-et-jeunes-de-laufen#primaryimage\"},\"thumbnailUrl\":\"https:\\\/\\\/www.sprich.ch\\\/wp-content\\\/uploads\\\/2025\\\/10\\\/sprich_laufen_header_nr01_2025.jpg\",\"datePublished\":\"2025-10-17T07:53:50+00:00\",\"dateModified\":\"2026-02-16T10:32:48+00:00\",\"breadcrumb\":{\"@id\":\"https:\\\/\\\/www.sprich.ch\\\/fr\\\/caillebotis\\\/caillebotis-a-lamelles\\\/foyer-pour-enfants-et-jeunes-de-laufen#breadcrumb\"},\"inLanguage\":\"fr-FR\",\"potentialAction\":[{\"@type\":\"ReadAction\",\"target\":[\"https:\\\/\\\/www.sprich.ch\\\/fr\\\/caillebotis\\\/caillebotis-a-lamelles\\\/foyer-pour-enfants-et-jeunes-de-laufen\"]}]},{\"@type\":\"ImageObject\",\"inLanguage\":\"fr-FR\",\"@id\":\"https:\\\/\\\/www.sprich.ch\\\/fr\\\/caillebotis\\\/caillebotis-a-lamelles\\\/foyer-pour-enfants-et-jeunes-de-laufen#primaryimage\",\"url\":\"https:\\\/\\\/www.sprich.ch\\\/wp-content\\\/uploads\\\/2025\\\/10\\\/sprich_laufen_header_nr01_2025.jpg\",\"contentUrl\":\"https:\\\/\\\/www.sprich.ch\\\/wp-content\\\/uploads\\\/2025\\\/10\\\/sprich_laufen_header_nr01_2025.jpg\",\"width\":1920,\"height\":1080},{\"@type\":\"BreadcrumbList\",\"@id\":\"https:\\\/\\\/www.sprich.ch\\\/fr\\\/caillebotis\\\/caillebotis-a-lamelles\\\/foyer-pour-enfants-et-jeunes-de-laufen#breadcrumb\",\"itemListElement\":[{\"@type\":\"ListItem\",\"position\":1,\"name\":\"Home\",\"item\":\"https:\\\/\\\/www.sprich.ch\\\/fr\"},{\"@type\":\"ListItem\",\"position\":2,\"name\":\"Caillebotis\",\"item\":\"https:\\\/\\\/www.sprich.ch\\\/fr\\\/category\\\/caillebotis\"},{\"@type\":\"ListItem\",\"position\":3,\"name\":\"Caillebotis \u00e0 lamelles\",\"item\":\"https:\\\/\\\/www.sprich.ch\\\/fr\\\/category\\\/caillebotis\\\/caillebotis-a-lamelles\"},{\"@type\":\"ListItem\",\"position\":4,\"name\":\"Foyer pour enfants et jeunes de Laufen\"}]},{\"@type\":\"WebSite\",\"@id\":\"https:\\\/\\\/www.sprich.ch\\\/fr#website\",\"url\":\"https:\\\/\\\/www.sprich.ch\\\/fr\",\"name\":\"SPRICH\",\"description\":\"Gitterroste, Leitern, Treppen\",\"publisher\":{\"@id\":\"https:\\\/\\\/www.sprich.ch\\\/fr#organization\"},\"potentialAction\":[{\"@type\":\"SearchAction\",\"target\":{\"@type\":\"EntryPoint\",\"urlTemplate\":\"https:\\\/\\\/www.sprich.ch\\\/fr?s={search_term_string}\"},\"query-input\":{\"@type\":\"PropertyValueSpecification\",\"valueRequired\":true,\"valueName\":\"search_term_string\"}}],\"inLanguage\":\"fr-FR\"},{\"@type\":\"Organization\",\"@id\":\"https:\\\/\\\/www.sprich.ch\\\/fr#organization\",\"name\":\"SPRICH\",\"url\":\"https:\\\/\\\/www.sprich.ch\\\/fr\",\"logo\":{\"@type\":\"ImageObject\",\"inLanguage\":\"fr-FR\",\"@id\":\"https:\\\/\\\/www.sprich.ch\\\/fr#\\\/schema\\\/logo\\\/image\\\/\",\"url\":\"https:\\\/\\\/www.sprich.ch\\\/wp-content\\\/uploads\\\/2025\\\/09\\\/Sprich_Logo_rgb_pos_quer_600dpi-1-scaled.png\",\"contentUrl\":\"https:\\\/\\\/www.sprich.ch\\\/wp-content\\\/uploads\\\/2025\\\/09\\\/Sprich_Logo_rgb_pos_quer_600dpi-1-scaled.png\",\"width\":2560,\"height\":695,\"caption\":\"SPRICH\"},\"image\":{\"@id\":\"https:\\\/\\\/www.sprich.ch\\\/fr#\\\/schema\\\/logo\\\/image\\\/\"}},{\"@type\":\"Person\",\"@id\":\"https:\\\/\\\/www.sprich.ch\\\/fr#\\\/schema\\\/person\\\/0687a767392959ac6f5e556f9d987d24\",\"name\":\"Webmaster@dynamite.ch\",\"image\":{\"@type\":\"ImageObject\",\"inLanguage\":\"fr-FR\",\"@id\":\"https:\\\/\\\/secure.gravatar.com\\\/avatar\\\/30c6e3179366a00457dfc457208c938a9c5f36358f50d81cbe0bc3bc52044b41?s=96&d=mm&r=g\",\"url\":\"https:\\\/\\\/secure.gravatar.com\\\/avatar\\\/30c6e3179366a00457dfc457208c938a9c5f36358f50d81cbe0bc3bc52044b41?s=96&d=mm&r=g\",\"contentUrl\":\"https:\\\/\\\/secure.gravatar.com\\\/avatar\\\/30c6e3179366a00457dfc457208c938a9c5f36358f50d81cbe0bc3bc52044b41?s=96&d=mm&r=g\",\"caption\":\"Webmaster@dynamite.ch\"},\"sameAs\":[\"https:\\\/\\\/www.sprich.ch\"]}]}<\/script>\n<!-- \/ Yoast SEO Premium plugin. -->","yoast_head_json":{"title":"Foyer pour enfants et jeunes de Laufen - SPRICH","robots":{"index":"index","follow":"follow","max-snippet":"max-snippet:-1","max-image-preview":"max-image-preview:large","max-video-preview":"max-video-preview:-1"},"canonical":"https:\/\/www.sprich.ch\/fr\/caillebotis\/caillebotis-a-lamelles\/foyer-pour-enfants-et-jeunes-de-laufen","og_locale":"fr_FR","og_type":"article","og_title":"Foyer pour enfants et jeunes de Laufen","og_description":"DES CAILLEBOTIS \u00c0 LAMELLES LAISSANT PASSER L\u2019AIR FRAIS DONN\u00c9ES TECHNIQUES Mat\u00e9riaux: Caillebotis \u00e0 lamelles angle de 45\u00b0Barre porteuse: 30\/2\u00a0mmMaille: 55,55\u00a0x\u00a055,55\u00a0mmRev\u00eatement: anodis\u00e9 Un b\u00e2timent nouvellement construit sur le m\u00eame site a permis au Foyer de s\u2019agrandir. Les escaliers et les ch\u00e2ssis du nouveau b\u00e2timent sont habill\u00e9s de caillebotis \u00e0 lamelles SPRICH. Ce projet s\u2019est d\u00e9roul\u00e9 en trois \u00e9tapes, de novembre 2017 \u00e0 juin 2018. Ce sont les architectes en charge du chantier qui ont choisi d\u2019utiliser un caillebotis \u00e0 lamelles. Le caillebotis \u00e0 lamelles a un angle de 45\u00b0 et une maille de 55,55\u00a0x\u00a055,55\u00a0mm. SPRICH l\u2019a livr\u00e9 brut au client pour que la sous-construction et les caillebotis puissent \u00eatre rev\u00eatus de la m\u00eame teinte. Les caillebotis pr\u00e9sentent diff\u00e9rentes tailles et finitions. Afin de faciliter la fixation, SPRICH a pr\u00e9par\u00e9 les divers per\u00e7ages. LUIGI CIRILLO Directeur G\u00e9n\u00e9ralluigi.cirillo@sprich.ch+41 41 768 10 91","og_url":"https:\/\/www.sprich.ch\/fr\/caillebotis\/caillebotis-a-lamelles\/foyer-pour-enfants-et-jeunes-de-laufen","og_site_name":"SPRICH","article_published_time":"2025-10-17T07:53:50+00:00","article_modified_time":"2026-02-16T10:32:48+00:00","og_image":[{"width":1920,"height":1080,"url":"https:\/\/www.sprich.ch\/wp-content\/uploads\/2025\/10\/sprich_laufen_header_nr01_2025.jpg","type":"image\/jpeg"}],"author":"Webmaster@dynamite.ch","twitter_card":"summary_large_image","twitter_misc":{"\u00c9crit par":false,"Dur\u00e9e de lecture estim\u00e9e":"1 minute"},"schema":{"@context":"https:\/\/schema.org","@graph":[{"@type":"Article","@id":"https:\/\/www.sprich.ch\/fr\/caillebotis\/caillebotis-a-lamelles\/foyer-pour-enfants-et-jeunes-de-laufen#article","isPartOf":{"@id":"https:\/\/www.sprich.ch\/fr\/caillebotis\/caillebotis-a-lamelles\/foyer-pour-enfants-et-jeunes-de-laufen"},"author":{"name":"Webmaster@dynamite.ch","@id":"https:\/\/www.sprich.ch\/fr#\/schema\/person\/0687a767392959ac6f5e556f9d987d24"},"headline":"Foyer pour enfants et jeunes de Laufen","datePublished":"2025-10-17T07:53:50+00:00","dateModified":"2026-02-16T10:32:48+00:00","mainEntityOfPage":{"@id":"https:\/\/www.sprich.ch\/fr\/caillebotis\/caillebotis-a-lamelles\/foyer-pour-enfants-et-jeunes-de-laufen"},"wordCount":161,"publisher":{"@id":"https:\/\/www.sprich.ch\/fr#organization"},"image":{"@id":"https:\/\/www.sprich.ch\/fr\/caillebotis\/caillebotis-a-lamelles\/foyer-pour-enfants-et-jeunes-de-laufen#primaryimage"},"thumbnailUrl":"https:\/\/www.sprich.ch\/wp-content\/uploads\/2025\/10\/sprich_laufen_header_nr01_2025.jpg","articleSection":["Caillebotis \u00e0 lamelles"],"inLanguage":"fr-FR"},{"@type":"WebPage","@id":"https:\/\/www.sprich.ch\/fr\/caillebotis\/caillebotis-a-lamelles\/foyer-pour-enfants-et-jeunes-de-laufen","url":"https:\/\/www.sprich.ch\/fr\/caillebotis\/caillebotis-a-lamelles\/foyer-pour-enfants-et-jeunes-de-laufen","name":"Foyer pour enfants et jeunes de Laufen - SPRICH","isPartOf":{"@id":"https:\/\/www.sprich.ch\/fr#website"},"primaryImageOfPage":{"@id":"https:\/\/www.sprich.ch\/fr\/caillebotis\/caillebotis-a-lamelles\/foyer-pour-enfants-et-jeunes-de-laufen#primaryimage"},"image":{"@id":"https:\/\/www.sprich.ch\/fr\/caillebotis\/caillebotis-a-lamelles\/foyer-pour-enfants-et-jeunes-de-laufen#primaryimage"},"thumbnailUrl":"https:\/\/www.sprich.ch\/wp-content\/uploads\/2025\/10\/sprich_laufen_header_nr01_2025.jpg","datePublished":"2025-10-17T07:53:50+00:00","dateModified":"2026-02-16T10:32:48+00:00","breadcrumb":{"@id":"https:\/\/www.sprich.ch\/fr\/caillebotis\/caillebotis-a-lamelles\/foyer-pour-enfants-et-jeunes-de-laufen#breadcrumb"},"inLanguage":"fr-FR","potentialAction":[{"@type":"ReadAction","target":["https:\/\/www.sprich.ch\/fr\/caillebotis\/caillebotis-a-lamelles\/foyer-pour-enfants-et-jeunes-de-laufen"]}]},{"@type":"ImageObject","inLanguage":"fr-FR","@id":"https:\/\/www.sprich.ch\/fr\/caillebotis\/caillebotis-a-lamelles\/foyer-pour-enfants-et-jeunes-de-laufen#primaryimage","url":"https:\/\/www.sprich.ch\/wp-content\/uploads\/2025\/10\/sprich_laufen_header_nr01_2025.jpg","contentUrl":"https:\/\/www.sprich.ch\/wp-content\/uploads\/2025\/10\/sprich_laufen_header_nr01_2025.jpg","width":1920,"height":1080},{"@type":"BreadcrumbList","@id":"https:\/\/www.sprich.ch\/fr\/caillebotis\/caillebotis-a-lamelles\/foyer-pour-enfants-et-jeunes-de-laufen#breadcrumb","itemListElement":[{"@type":"ListItem","position":1,"name":"Home","item":"https:\/\/www.sprich.ch\/fr"},{"@type":"ListItem","position":2,"name":"Caillebotis","item":"https:\/\/www.sprich.ch\/fr\/category\/caillebotis"},{"@type":"ListItem","position":3,"name":"Caillebotis \u00e0 lamelles","item":"https:\/\/www.sprich.ch\/fr\/category\/caillebotis\/caillebotis-a-lamelles"},{"@type":"ListItem","position":4,"name":"Foyer pour enfants et jeunes de Laufen"}]},{"@type":"WebSite","@id":"https:\/\/www.sprich.ch\/fr#website","url":"https:\/\/www.sprich.ch\/fr","name":"SPRICH","description":"Gitterroste, Leitern, Treppen","publisher":{"@id":"https:\/\/www.sprich.ch\/fr#organization"},"potentialAction":[{"@type":"SearchAction","target":{"@type":"EntryPoint","urlTemplate":"https:\/\/www.sprich.ch\/fr?s={search_term_string}"},"query-input":{"@type":"PropertyValueSpecification","valueRequired":true,"valueName":"search_term_string"}}],"inLanguage":"fr-FR"},{"@type":"Organization","@id":"https:\/\/www.sprich.ch\/fr#organization","name":"SPRICH","url":"https:\/\/www.sprich.ch\/fr","logo":{"@type":"ImageObject","inLanguage":"fr-FR","@id":"https:\/\/www.sprich.ch\/fr#\/schema\/logo\/image\/","url":"https:\/\/www.sprich.ch\/wp-content\/uploads\/2025\/09\/Sprich_Logo_rgb_pos_quer_600dpi-1-scaled.png","contentUrl":"https:\/\/www.sprich.ch\/wp-content\/uploads\/2025\/09\/Sprich_Logo_rgb_pos_quer_600dpi-1-scaled.png","width":2560,"height":695,"caption":"SPRICH"},"image":{"@id":"https:\/\/www.sprich.ch\/fr#\/schema\/logo\/image\/"}},{"@type":"Person","@id":"https:\/\/www.sprich.ch\/fr#\/schema\/person\/0687a767392959ac6f5e556f9d987d24","name":"Webmaster@dynamite.ch","image":{"@type":"ImageObject","inLanguage":"fr-FR","@id":"https:\/\/secure.gravatar.com\/avatar\/30c6e3179366a00457dfc457208c938a9c5f36358f50d81cbe0bc3bc52044b41?s=96&d=mm&r=g","url":"https:\/\/secure.gravatar.com\/avatar\/30c6e3179366a00457dfc457208c938a9c5f36358f50d81cbe0bc3bc52044b41?s=96&d=mm&r=g","contentUrl":"https:\/\/secure.gravatar.com\/avatar\/30c6e3179366a00457dfc457208c938a9c5f36358f50d81cbe0bc3bc52044b41?s=96&d=mm&r=g","caption":"Webmaster@dynamite.ch"},"sameAs":["https:\/\/www.sprich.ch"]}]}},"_links":{"self":[{"href":"https:\/\/www.sprich.ch\/fr\/wp-json\/wp\/v2\/posts\/15314","targetHints":{"allow":["GET"]}}],"collection":[{"href":"https:\/\/www.sprich.ch\/fr\/wp-json\/wp\/v2\/posts"}],"about":[{"href":"https:\/\/www.sprich.ch\/fr\/wp-json\/wp\/v2\/types\/post"}],"author":[{"embeddable":true,"href":"https:\/\/www.sprich.ch\/fr\/wp-json\/wp\/v2\/users\/1"}],"replies":[{"embeddable":true,"href":"https:\/\/www.sprich.ch\/fr\/wp-json\/wp\/v2\/comments?post=15314"}],"version-history":[{"count":3,"href":"https:\/\/www.sprich.ch\/fr\/wp-json\/wp\/v2\/posts\/15314\/revisions"}],"predecessor-version":[{"id":28634,"href":"https:\/\/www.sprich.ch\/fr\/wp-json\/wp\/v2\/posts\/15314\/revisions\/28634"}],"wp:featuredmedia":[{"embeddable":true,"href":"https:\/\/www.sprich.ch\/fr\/wp-json\/wp\/v2\/media\/15302"}],"wp:attachment":[{"href":"https:\/\/www.sprich.ch\/fr\/wp-json\/wp\/v2\/media?parent=15314"}],"wp:term":[{"taxonomy":"category","embeddable":true,"href":"https:\/\/www.sprich.ch\/fr\/wp-json\/wp\/v2\/categories?post=15314"},{"taxonomy":"post_tag","embeddable":true,"href":"https:\/\/www.sprich.ch\/fr\/wp-json\/wp\/v2\/tags?post=15314"}],"curies":[{"name":"wp","href":"https:\/\/api.w.org\/{rel}","templated":true}]}}